{"id":12383,"date":"2026-03-08T00:02:23","date_gmt":"2026-03-08T03:02:23","guid":{"rendered":"https:\/\/fidafederation.org\/es\/?p=12383"},"modified":"2026-03-08T00:02:23","modified_gmt":"2026-03-08T03:02:23","slug":"declaracion-de-fida-por-el-dia-internacional-de-la-mujer-2026","status":"publish","type":"post","link":"https:\/\/fidafederation.org\/es\/declaracion-de-fida-por-el-dia-internacional-de-la-mujer-2026\/","title":{"rendered":"Declaraci\u00f3n de FIDA por el D\u00eda Internacional de la Mujer 2026"},"content":{"rendered":"\n<figure class=\"wp-block-gallery has-nested-images columns-default is-cropped wp-block-gallery-1 is-layout-flex wp-block-gallery-is-layout-flex\">\n<figure class=\"wp-block-image size-large\"><img loading=\"lazy\" decoding=\"async\" width=\"1024\" height=\"683\" data-id=\"12382\" src=\"https:\/\/fidafederation.org\/es\/wp-content\/uploads\/2026\/03\/8M-FIDA-2026-1024x683.png\" alt=\"\" class=\"wp-image-12382\" srcset=\"https:\/\/fidafederation.org\/es\/wp-content\/uploads\/2026\/03\/8M-FIDA-2026-1024x683.png 1024w, https:\/\/fidafederation.org\/es\/wp-content\/uploads\/2026\/03\/8M-FIDA-2026-300x200.png 300w, https:\/\/fidafederation.org\/es\/wp-content\/uploads\/2026\/03\/8M-FIDA-2026-768x512.png 768w, https:\/\/fidafederation.org\/es\/wp-content\/uploads\/2026\/03\/8M-FIDA-2026-420x280.png 420w, https:\/\/fidafederation.org\/es\/wp-content\/uploads\/2026\/03\/8M-FIDA-2026-70x47.png 70w, https:\/\/fidafederation.org\/es\/wp-content\/uploads\/2026\/03\/8M-FIDA-2026-620x413.png 620w, https:\/\/fidafederation.org\/es\/wp-content\/uploads\/2026\/03\/8M-FIDA-2026-350x233.png 350w, https:\/\/fidafederation.org\/es\/wp-content\/uploads\/2026\/03\/8M-FIDA-2026.png 1536w\" sizes=\"auto, (max-width: 1024px) 100vw, 1024px\" \/><figcaption class=\"wp-element-caption\">Dia internacional de la mujer 2026<\/figcaption><\/figure>\n<\/figure>\n\n\n\n<p>Con ocasi\u00f3n del <strong>D\u00eda Internacional de la Mujer 2026<\/strong>, la <strong>Federaci\u00f3n Internacional de Abogadas (FIDA) <\/strong>reafirma su firme compromiso con la promoci\u00f3n y defensa de los derechos de las mujeres y las ni\u00f1as en todo el mundo. En esta declaraci\u00f3n oficial, la Presidenta Global de FIDA reflexiona sobre los temas \u201cDar para Ganar\u201d y \u201cDerechos. Justicia. Acci\u00f3n. Para todas las mujeres y ni\u00f1as\u201d, destacando el papel fundamental del empoderamiento jur\u00eddico, la igualdad de oportunidades y la acci\u00f3n colectiva para la construcci\u00f3n de un mundo m\u00e1s justo e inclusivo.<\/p>\n\n\n\n<p>Le invitamos a leer el mensaje completo a continuaci\u00f3n.<\/p>\n\n\n\n<div data-wp-interactive=\"core\/file\" class=\"wp-block-file\"><object data-wp-bind--hidden=\"!state.hasPdfPreview\" hidden class=\"wp-block-file__embed\" data=\"https:\/\/fidafederation.org\/es\/wp-content\/uploads\/2026\/03\/DECLARACION-FIDA-DIA-INTERNACIONAL-DE-LA-MUJER-2026-es.pdf\" type=\"application\/pdf\" style=\"width:100%;height:600px\" aria-label=\"Incrustado de DECLARACION FIDA DIA INTERNACIONAL DE LA MUJER 2026-es.\"><\/object><a id=\"wp-block-file--media-dfac58c5-124e-4516-882a-bb80cb428814\" href=\"https:\/\/fidafederation.org\/es\/wp-content\/uploads\/2026\/03\/DECLARACION-FIDA-DIA-INTERNACIONAL-DE-LA-MUJER-2026-es.pdf\">DECLARACION FIDA DIA INTERNACIONAL DE LA MUJER 2026-es<\/a><a href=\"https:\/\/fidafederation.org\/es\/wp-content\/uploads\/2026\/03\/DECLARACION-FIDA-DIA-INTERNACIONAL-DE-LA-MUJER-2026-es.pdf\" class=\"wp-block-file__button wp-element-button\" download aria-describedby=\"wp-block-file--media-dfac58c5-124e-4516-882a-bb80cb428814\">Descarga<\/a><\/div>\n","protected":false},"excerpt":{"rendered":"<p>Con ocasi\u00f3n del D\u00eda Internacional de la Mujer 2026, la Federaci\u00f3n Internacional de Abogadas (FIDA) reafirma su firme compromiso con la promoci\u00f3n y defensa de los derechos de las mujeres y las ni\u00f1as en todo el mundo. En esta declaraci\u00f3n oficial, la Presidenta Global de FIDA reflexiona sobre los temas \u201cDar para Ganar\u201d y \u201cDerechos. [&hellip;]<\/p>\n","protected":false},"author":1,"featured_media":0,"comment_status":"closed","ping_status":"closed","sticky":false,"template":"","format":"standard","meta":{"footnotes":""},"categories":[1],"tags":[220,221],"class_list":["post-12383","post","type-post","status-publish","format-standard","hentry","category-sin-categoria","tag-8m","tag-dia-de-la-mujer-2026"],"_links":{"self":[{"href":"https:\/\/fidafederation.org\/es\/wp-json\/wp\/v2\/posts\/12383","targetHints":{"allow":["GET"]}}],"collection":[{"href":"https:\/\/fidafederation.org\/es\/wp-json\/wp\/v2\/posts"}],"about":[{"href":"https:\/\/fidafederation.org\/es\/wp-json\/wp\/v2\/types\/post"}],"author":[{"embeddable":true,"href":"https:\/\/fidafederation.org\/es\/wp-json\/wp\/v2\/users\/1"}],"replies":[{"embeddable":true,"href":"https:\/\/fidafederation.org\/es\/wp-json\/wp\/v2\/comments?post=12383"}],"version-history":[{"count":1,"href":"https:\/\/fidafederation.org\/es\/wp-json\/wp\/v2\/posts\/12383\/revisions"}],"predecessor-version":[{"id":12386,"href":"https:\/\/fidafederation.org\/es\/wp-json\/wp\/v2\/posts\/12383\/revisions\/12386"}],"wp:attachment":[{"href":"https:\/\/fidafederation.org\/es\/wp-json\/wp\/v2\/media?parent=12383"}],"wp:term":[{"taxonomy":"category","embeddable":true,"href":"https:\/\/fidafederation.org\/es\/wp-json\/wp\/v2\/categories?post=12383"},{"taxonomy":"post_tag","embeddable":true,"href":"https:\/\/fidafederation.org\/es\/wp-json\/wp\/v2\/tags?post=12383"}],"curies":[{"name":"wp","href":"https:\/\/api.w.org\/{rel}","templated":true}]}}