{"id":12261,"date":"2025-10-15T02:17:59","date_gmt":"2025-10-15T05:17:59","guid":{"rendered":"https:\/\/fidafederation.org\/es\/?p=12261"},"modified":"2025-12-02T02:30:14","modified_gmt":"2025-12-02T05:30:14","slug":"dia-internacional-de-la-nina-2025","status":"publish","type":"post","link":"https:\/\/fidafederation.org\/es\/dia-internacional-de-la-nina-2025\/","title":{"rendered":"D\u00eda Internacional de la Ni\u00f1a 2025"},"content":{"rendered":"\n<p>D\u00eda Internacional de la Ni\u00f1a 2025<\/p>\n\n\n\n<figure class=\"wp-block-pullquote\"><blockquote><p>\u00ab<strong>La ni\u00f1a que soy, el cambio que lidero: las ni\u00f1as en primera l\u00ednea de la crisis<\/strong>\u00bb<\/p><\/blockquote><\/figure>\n\n\n\n<p>En este D\u00eda Internacional de la Ni\u00f1a, FIDA Internacional celebra la fortaleza y el liderazgo de las ni\u00f1as de todo el mundo y reafirma su compromiso con sus derechos a la educaci\u00f3n, la justicia y las oportunidades, para que todas las ni\u00f1as puedan crecer, liderar y prosperar en libertad y seguridad.<\/p>\n\n\n\n<p>En este D\u00eda Internacional de la Ni\u00f1a, la Federaci\u00f3n Internacional de Mujeres<br>Abogadas (FIDA) Internacional celebra el coraje, el liderazgo y la resiliencia de<br>las ni\u00f1as de todo el mundo, especialmente aquellas que se levantan de la crisis para convertirse en agentes de cambio en sus comunidades.<br><br>Como vanguardia de los derechos y el empoderamiento de las mujeres y las ni\u00f1as, FIDA<br>Internacional sigue defendiendo la igualdad de acceso a la educaci\u00f3n, la justicia y<br>las oportunidades. Reconocemos y honramos a las ni\u00f1as que, a pesar de la adversidad, lideran los esfuerzos por la paz, la igualdad y un futuro mejor.<br><br>Hacemos un llamado a todos los Estados para que promulguen y apliquen leyes estrictas que protejan y empoderen a las ni\u00f1as, garantizando que todas las ni\u00f1as, en todas partes, tengan la libertad, la seguridad y el apoyo necesarios para aprender,<br>liderar y prosperar.<br><br>Empod\u00e9rala. Ed\u00facala. Protege sus derechos.<\/p>\n\n\n\n<p>Ezinwa Okoroafor<br>Presidenta mundial<\/p>\n\n\n\n<div data-wp-interactive=\"core\/file\" class=\"wp-block-file\"><object data-wp-bind--hidden=\"!state.hasPdfPreview\" hidden class=\"wp-block-file__embed\" data=\"https:\/\/fidafederation.org\/es\/wp-content\/uploads\/2025\/10\/FIDA-Statement-Intl-Day-of-the-Girl-Child-2025.pdf\" type=\"application\/pdf\" style=\"width:100%;height:600px\" aria-label=\"Incrustado de FIDA-Statement-Intl-Day-of-the-Girl-Child-2025.\"><\/object><a id=\"wp-block-file--media-366df3b5-6392-4a20-af1f-4e4c78d2e1c9\" href=\"https:\/\/fidafederation.org\/es\/wp-content\/uploads\/2025\/10\/FIDA-Statement-Intl-Day-of-the-Girl-Child-2025.pdf\">FIDA-Statement-Intl-Day-of-the-Girl-Child-2025<\/a><a href=\"https:\/\/fidafederation.org\/es\/wp-content\/uploads\/2025\/10\/FIDA-Statement-Intl-Day-of-the-Girl-Child-2025.pdf\" class=\"wp-block-file__button wp-element-button\" download aria-describedby=\"wp-block-file--media-366df3b5-6392-4a20-af1f-4e4c78d2e1c9\">Descarga<\/a><\/div>\n","protected":false},"excerpt":{"rendered":"<p>D\u00eda Internacional de la Ni\u00f1a 2025 \u00abLa ni\u00f1a que soy, el cambio que lidero: las ni\u00f1as en primera l\u00ednea de la crisis\u00bb En este D\u00eda Internacional de la Ni\u00f1a, FIDA Internacional celebra la fortaleza y el liderazgo de las ni\u00f1as de todo el mundo y reafirma su compromiso con sus derechos a la educaci\u00f3n, la [&hellip;]<\/p>\n","protected":false},"author":1,"featured_media":12263,"comment_status":"closed","ping_status":"closed","sticky":false,"template":"","format":"standard","meta":{"footnotes":""},"categories":[1],"tags":[],"class_list":["post-12261","post","type-post","status-publish","format-standard","has-post-thumbnail","hentry","category-sin-categoria"],"_links":{"self":[{"href":"https:\/\/fidafederation.org\/es\/wp-json\/wp\/v2\/posts\/12261","targetHints":{"allow":["GET"]}}],"collection":[{"href":"https:\/\/fidafederation.org\/es\/wp-json\/wp\/v2\/posts"}],"about":[{"href":"https:\/\/fidafederation.org\/es\/wp-json\/wp\/v2\/types\/post"}],"author":[{"embeddable":true,"href":"https:\/\/fidafederation.org\/es\/wp-json\/wp\/v2\/users\/1"}],"replies":[{"embeddable":true,"href":"https:\/\/fidafederation.org\/es\/wp-json\/wp\/v2\/comments?post=12261"}],"version-history":[{"count":2,"href":"https:\/\/fidafederation.org\/es\/wp-json\/wp\/v2\/posts\/12261\/revisions"}],"predecessor-version":[{"id":12266,"href":"https:\/\/fidafederation.org\/es\/wp-json\/wp\/v2\/posts\/12261\/revisions\/12266"}],"wp:featuredmedia":[{"embeddable":true,"href":"https:\/\/fidafederation.org\/es\/wp-json\/wp\/v2\/media\/12263"}],"wp:attachment":[{"href":"https:\/\/fidafederation.org\/es\/wp-json\/wp\/v2\/media?parent=12261"}],"wp:term":[{"taxonomy":"category","embeddable":true,"href":"https:\/\/fidafederation.org\/es\/wp-json\/wp\/v2\/categories?post=12261"},{"taxonomy":"post_tag","embeddable":true,"href":"https:\/\/fidafederation.org\/es\/wp-json\/wp\/v2\/tags?post=12261"}],"curies":[{"name":"wp","href":"https:\/\/api.w.org\/{rel}","templated":true}]}}