{"id":12255,"date":"2025-11-28T01:28:54","date_gmt":"2025-11-28T04:28:54","guid":{"rendered":"https:\/\/fidafederation.org\/es\/?p=12255"},"modified":"2025-12-08T14:38:36","modified_gmt":"2025-12-08T17:38:36","slug":"celebrando-la-vida-y-obra-de-beatrice-fisher","status":"publish","type":"post","link":"https:\/\/fidafederation.org\/es\/celebrando-la-vida-y-obra-de-beatrice-fisher\/","title":{"rendered":"Celebrando la vida y obra de Beatrice Fisher"},"content":{"rendered":"\n<p>Honramos la querida memoria de Beatrice Awura Oboshie Allua Fisher (3 de mayo de 1933 &#8211; 27 de agosto de 2025), una querida miembro vitalicia de la Federaci\u00f3n Internacional de Mujeres Abogadas (FIDA).<\/p>\n\n\n\n<p>La Sra. Fisher se dedic\u00f3 en cuerpo y alma a  FIDA, desempe\u00f1ando el cargo de representante de FIDA ante las Naciones Unidas durante dos mandatos, de 1988 a 1992, y manteniendo siempre a nuestra asociaci\u00f3n muy cerca de su coraz\u00f3n. Su extraordinaria trayectoria se refleja en su libro <em>\u00abA Tribute to Women Lawyers Worldwide \u2013 Honouring FIDA\u2019s Global UN Impact<\/em>\u00bb (Homenaje a las mujeres abogadas de todo el mundo: en honor al impacto global de FIDA en las Naciones Unidas), que celebra los logros de las mujeres abogadas y sigue inspirando a nuestras miembros. Deja un legado duradero de servicio y dedicaci\u00f3n inquebrantables a la causa de las mujeres y los ni\u00f1os.<\/p>\n\n\n\n<p>Invitamos cordialmente a todos los miembros a compartir sus recuerdos o reflexiones sobre la Sra. Fisher, para que podamos celebrar de manera colectiva el inspirador legado que nos deja. Su esp\u00edritu seguir\u00e1 inspir\u00e1ndonos a todos y siempre la recordaremos con cari\u00f1o.<\/p>\n","protected":false},"excerpt":{"rendered":"<p>Honramos la querida memoria de Beatrice Awura Oboshie Allua Fisher (3 de mayo de 1933 &#8211; 27 de agosto de 2025), una querida miembro vitalicia de la Federaci\u00f3n Internacional de Mujeres Abogadas (FIDA). La Sra. Fisher se dedic\u00f3 en cuerpo y alma a FIDA, desempe\u00f1ando el cargo de representante de FIDA ante las Naciones Unidas [&hellip;]<\/p>\n","protected":false},"author":1,"featured_media":12254,"comment_status":"closed","ping_status":"closed","sticky":false,"template":"","format":"standard","meta":{"footnotes":""},"categories":[1],"tags":[169,170,179,199],"class_list":["post-12255","post","type-post","status-publish","format-standard","has-post-thumbnail","hentry","category-sin-categoria","tag-fida","tag-federacion-internacional-de-abogadas","tag-fida-federation","tag-beatrice-fisher"],"_links":{"self":[{"href":"https:\/\/fidafederation.org\/es\/wp-json\/wp\/v2\/posts\/12255","targetHints":{"allow":["GET"]}}],"collection":[{"href":"https:\/\/fidafederation.org\/es\/wp-json\/wp\/v2\/posts"}],"about":[{"href":"https:\/\/fidafederation.org\/es\/wp-json\/wp\/v2\/types\/post"}],"author":[{"embeddable":true,"href":"https:\/\/fidafederation.org\/es\/wp-json\/wp\/v2\/users\/1"}],"replies":[{"embeddable":true,"href":"https:\/\/fidafederation.org\/es\/wp-json\/wp\/v2\/comments?post=12255"}],"version-history":[{"count":1,"href":"https:\/\/fidafederation.org\/es\/wp-json\/wp\/v2\/posts\/12255\/revisions"}],"predecessor-version":[{"id":12256,"href":"https:\/\/fidafederation.org\/es\/wp-json\/wp\/v2\/posts\/12255\/revisions\/12256"}],"wp:featuredmedia":[{"embeddable":true,"href":"https:\/\/fidafederation.org\/es\/wp-json\/wp\/v2\/media\/12254"}],"wp:attachment":[{"href":"https:\/\/fidafederation.org\/es\/wp-json\/wp\/v2\/media?parent=12255"}],"wp:term":[{"taxonomy":"category","embeddable":true,"href":"https:\/\/fidafederation.org\/es\/wp-json\/wp\/v2\/categories?post=12255"},{"taxonomy":"post_tag","embeddable":true,"href":"https:\/\/fidafederation.org\/es\/wp-json\/wp\/v2\/tags?post=12255"}],"curies":[{"name":"wp","href":"https:\/\/api.w.org\/{rel}","templated":true}]}}