{"id":11666,"date":"2013-09-30T22:31:19","date_gmt":"2013-10-01T01:31:19","guid":{"rendered":"http:\/\/piolainteractive.com\/fidaorg\/?p=11666"},"modified":"2020-08-15T15:23:12","modified_gmt":"2020-08-15T18:23:12","slug":"2nd-europe-conference-fida","status":"publish","type":"post","link":"https:\/\/fidafederation.org\/es\/2nd-europe-conference-fida\/","title":{"rendered":"2\u00aa Conferencia Europea FIDA"},"content":{"rendered":"\n<p><strong>Tema:<\/strong> Igualdad de g\u00e9nero y protecci\u00f3n internacional de los derechos humanos. Un mito o una realidad: Progreso, nuevo enfoque, desaf\u00edos y una forma de avanzar hacia el empoderamiento de las mujeres, las ni\u00f1as y la familia en el mundo de hoy.<\/p>\n\n\n\n<p>La segunda Conferencia Regional de Fida Europa se centr\u00f3 en el tema de la igualdad de g\u00e9nero y la protecci\u00f3n internacional de los derechos humanos: Un mito o una realidad &#8211; Enfoque en el progreso, los nuevos desaf\u00edos y el camino hacia el empoderamiento de las mujeres, las ni\u00f1as y la familia en el mundo de hoy.<\/p>\n\n\n\n<p>Los oradores proporcionaron informaci\u00f3n incisiva y un an\u00e1lisis actualizado de los retos mundiales a los que se enfrentan los legisladores y la sociedad en la b\u00fasqueda de la protecci\u00f3n de los derechos humanos de la mujer y la familia en todo el mundo.<\/p>\n\n\n\n<p>Las sesiones del evento fueron dise\u00f1adas para brindar informaci\u00f3n sobre soluciones y sugerencias que los ponentes hayan presenciado o participado directamente en su trabajo al frente de temas relacionados con la mujer, en cada debate se realiz\u00f3 una evaluaci\u00f3n y una visi\u00f3n global para promover el flujo de conocimiento y estrategias entre los delegados.<\/p>\n\n\n\n<p><\/p>\n\n\n\n<div class=\"wp-block-columns has-2-columns is-layout-flex wp-container-core-columns-is-layout-9d6595d7 wp-block-columns-is-layout-flex\">\n<div class=\"wp-block-column is-layout-flow wp-block-column-is-layout-flow\">\n<p><strong>Sir Bernard Rix<\/strong><br>Ex juez del Tribunal de Apelaci\u00f3n en el Reino Unido<br><strong>Professor Ben NwabuezeFormer<\/strong> Ministro de Educaci\u00f3n de Nigeria Abogado Principal de Nigeria<br><strong>Silvana VanadiaRegional<\/strong> <br>Vicepresidenta [EUROPA] FIDA en todo el mundo.<br><strong>Sheila AnishInternational <\/strong>Presidenta Fida Worldwide Presidenta \/ Fundadora All India Women Lawyers Association.<\/p>\n<\/div>\n\n\n\n<div class=\"wp-block-column is-layout-flow wp-block-column-is-layout-flow\">\n<p><strong>Dr Emelia Oneyema<\/strong><br>Profesora de Derecho en la Escuela de Estudios Orientales y Africanos en el Reino Unido.<br><strong>Giovanna Chiara<\/strong><br>Directora y ex tesorera FIDA en todo el mundo.<br><strong>Chris McCurley<\/strong><br>Abogada Behoarebell LLP<br><strong>Sappho Dias<\/strong><br>Abogada y activista de derechos humanos.<\/p>\n<\/div>\n<\/div>\n\n\n\n<h4 class=\"wp-block-heading\">Temas:<\/h4>\n\n\n\n<ul class=\"wp-block-list\"><li>Discriminaci\u00f3n sexual en el lugar de trabajo: un estudio de caso real .<\/li><li>Subrogaci\u00f3n: Venta de \u00fateros de mujeres: &#8211; Un nuevo desaf\u00edo para los derechos humanos de las mujeres.<\/li><li>Mentor\u00eda: una agenda global formidable y un camino hacia el empoderamiento de las mujeres, las ni\u00f1as y la familia en el mundo actual.<\/li><li>La asistencia legal reduce el acceso de las mujeres a la justicia: un estudio de caso.<\/li><li>Igualdad de g\u00e9nero hoy y emprendimiento femenino &#8211; Red de mujeres cofinanciada por la Comisi\u00f3n Europea.<\/li><li>Emprendedoras agr\u00edcolas de mujeres que alimentan el planeta: un estudio de caso.<\/li><li>Los derechos humanos en Birmania y el papel de la mujer.<\/li><li>Presentaci\u00f3n del retrato de la Dra. Rosalind Bates, fundadora de FIDA.<\/li><li>Presentaci\u00f3n de un libro sobre la historia de FIDA.<\/li><\/ul>\n","protected":false},"excerpt":{"rendered":"<p>Tema: Igualdad de g\u00e9nero y protecci\u00f3n internacional de los derechos humanos. Un mito o una realidad: Progreso, nuevo enfoque, desaf\u00edos y una forma de avanzar hacia el empoderamiento de las mujeres, las ni\u00f1as y la familia en el mundo de hoy. La segunda Conferencia Regional de Fida Europa se centr\u00f3 en el tema de la [&hellip;]<\/p>\n","protected":false},"author":1,"featured_media":0,"comment_status":"closed","ping_status":"closed","sticky":false,"template":"","format":"standard","meta":{"footnotes":""},"categories":[159],"tags":[164,165,166],"class_list":["post-11666","post","type-post","status-publish","format-standard","hentry","category-regional-congresses","tag-family","tag-empowerment-of-women","tag-uk"],"_links":{"self":[{"href":"https:\/\/fidafederation.org\/es\/wp-json\/wp\/v2\/posts\/11666","targetHints":{"allow":["GET"]}}],"collection":[{"href":"https:\/\/fidafederation.org\/es\/wp-json\/wp\/v2\/posts"}],"about":[{"href":"https:\/\/fidafederation.org\/es\/wp-json\/wp\/v2\/types\/post"}],"author":[{"embeddable":true,"href":"https:\/\/fidafederation.org\/es\/wp-json\/wp\/v2\/users\/1"}],"replies":[{"embeddable":true,"href":"https:\/\/fidafederation.org\/es\/wp-json\/wp\/v2\/comments?post=11666"}],"version-history":[{"count":8,"href":"https:\/\/fidafederation.org\/es\/wp-json\/wp\/v2\/posts\/11666\/revisions"}],"predecessor-version":[{"id":12045,"href":"https:\/\/fidafederation.org\/es\/wp-json\/wp\/v2\/posts\/11666\/revisions\/12045"}],"wp:attachment":[{"href":"https:\/\/fidafederation.org\/es\/wp-json\/wp\/v2\/media?parent=11666"}],"wp:term":[{"taxonomy":"category","embeddable":true,"href":"https:\/\/fidafederation.org\/es\/wp-json\/wp\/v2\/categories?post=11666"},{"taxonomy":"post_tag","embeddable":true,"href":"https:\/\/fidafederation.org\/es\/wp-json\/wp\/v2\/tags?post=11666"}],"curies":[{"name":"wp","href":"https:\/\/api.w.org\/{rel}","templated":true}]}}