{"id":11642,"date":"2017-03-06T18:40:54","date_gmt":"2017-03-06T21:40:54","guid":{"rendered":"http:\/\/piolainteractive.com\/fidaorg\/?p=11642"},"modified":"2020-08-15T03:27:33","modified_gmt":"2020-08-15T06:27:33","slug":"ii-regional-congress-of-women-lawyers","status":"publish","type":"post","link":"https:\/\/fidafederation.org\/es\/ii-regional-congress-of-women-lawyers\/","title":{"rendered":"II Congreso Regional de Mujeres Abogadas"},"content":{"rendered":"\n<p>En la ciudad de Lima (Per\u00fa) se celebr\u00f3 el II Congreso Regional de la Federaci\u00f3n Internacional de Abogadas (FIDA) titulado &#8220;Desigualdad y diversidad en Am\u00e9rica Latina&#8221;. Estas son algunas de las actividades m\u00e1s destacadas que la mayor\u00eda de las personas disfrutaron.<\/p>\n\n\n\n<p>Congreso Nacional de la Rep\u00fablica, Plaza Bol\u00edvar.<br>Presentaci\u00f3n de la presidenta del comit\u00e9 organizador, Dra. Carmen Meza Ingar.<\/p>\n\n\n\n<p>Palabras del Ilustre Sr. Dr. Pedro Angulo Arana, Decano del Colegio de Abogados de Lima. Discurso de la Presidenta de la Comisi\u00f3n de Derechos de la Mujer del Congreso de la Rep\u00fablica Srta. Indira Huilca Flores. Interrogatorio de la Exma. Presidenta del Congreso de la Rep\u00fablica, Sra. Luz Salgado Rubianes.<\/p>\n\n\n\n<h4 class=\"wp-block-heading\"><a href=\"Expositores:\"> <\/a>Expositores:<\/h4>\n\n\n\n<div class=\"wp-block-columns has-2-columns is-layout-flex wp-container-core-columns-is-layout-9d6595d7 wp-block-columns-is-layout-flex\">\n<div class=\"wp-block-column is-layout-flow wp-block-column-is-layout-flow\">\n<p><strong>La familia y su futuro<\/strong><br>Sylvia Auad (Brasil)<br>Rossana Gallo (Argentina)<br>Blanca Cavero (Espa\u00f1a)<br><br><strong>Desigualdad en el trabajo<\/strong><br>Adelaida Rocco (Argentina)<br>Elizabeth Ponce Mart\u00ednez (Per\u00fa)<br>Luz Roque Montesillo (Per\u00fa)<br><br><strong>Desigualdad en la pol\u00edtica<\/strong><br>Angela Dolmestch (Colombia)<br>Margot Paucar Espinoza (Per\u00fa) Milagro Campos Malpartida (Per\u00fa) Carmen Meneses Paucarpura(Per\u00fa)<\/p>\n<\/div>\n\n\n\n<div class=\"wp-block-column is-layout-flow wp-block-column-is-layout-flow\">\n<p class=\"has-text-align-left\"><strong>La familia ancestral contra las opciones extranjeras<\/strong><br>Carmen  Meza Ingar (Per\u00fa)<br>J. Rosas Huaran (Per\u00fa)<br>M. Nizama Valladolid (Per\u00fa) <br> <br><strong>El derecho a una vida sostenible<\/strong><br>H. Carhuatocto Sandoval (Per\u00fa)<br>Mercedes Merino Briones (Per\u00fa)<br>\u00c1ngela Ruiz Eldredge Goicochea  (Per\u00fa)<\/p>\n<\/div>\n<\/div>\n\n\n\n<figure class=\"wp-block-image\"><img loading=\"lazy\" decoding=\"async\" width=\"670\" height=\"873\" src=\"http:\/\/piolainteractive.com\/fidaorg\/wp-content\/uploads\/2019\/05\/peru.jpg\" alt=\"\" class=\"wp-image-11645\" srcset=\"https:\/\/fidafederation.org\/es\/wp-content\/uploads\/2019\/05\/peru.jpg 670w, https:\/\/fidafederation.org\/es\/wp-content\/uploads\/2019\/05\/peru-230x300.jpg 230w, https:\/\/fidafederation.org\/es\/wp-content\/uploads\/2019\/05\/peru-215x280.jpg 215w, https:\/\/fidafederation.org\/es\/wp-content\/uploads\/2019\/05\/peru-54x70.jpg 54w, https:\/\/fidafederation.org\/es\/wp-content\/uploads\/2019\/05\/peru-620x808.jpg 620w\" sizes=\"auto, (max-width: 670px) 100vw, 670px\" \/><\/figure>\n","protected":false},"excerpt":{"rendered":"<p>En la ciudad de Lima (Per\u00fa) se celebr\u00f3 el II Congreso Regional de la Federaci\u00f3n Internacional de Abogadas (FIDA) titulado &#8220;Desigualdad y diversidad en Am\u00e9rica Latina&#8221;. Estas son algunas de las actividades m\u00e1s destacadas que la mayor\u00eda de las personas disfrutaron. Congreso Nacional de la Rep\u00fablica, Plaza Bol\u00edvar.Presentaci\u00f3n de la presidenta del comit\u00e9 organizador, Dra. [&hellip;]<\/p>\n","protected":false},"author":1,"featured_media":0,"comment_status":"closed","ping_status":"closed","sticky":false,"template":"","format":"standard","meta":{"footnotes":""},"categories":[159],"tags":[160,161,162,163,164],"class_list":["post-11642","post","type-post","status-publish","format-standard","hentry","category-regional-congresses","tag-peru","tag-mujeres-abogadas","tag-women-lawyers","tag-regioinal-congress","tag-family"],"_links":{"self":[{"href":"https:\/\/fidafederation.org\/es\/wp-json\/wp\/v2\/posts\/11642","targetHints":{"allow":["GET"]}}],"collection":[{"href":"https:\/\/fidafederation.org\/es\/wp-json\/wp\/v2\/posts"}],"about":[{"href":"https:\/\/fidafederation.org\/es\/wp-json\/wp\/v2\/types\/post"}],"author":[{"embeddable":true,"href":"https:\/\/fidafederation.org\/es\/wp-json\/wp\/v2\/users\/1"}],"replies":[{"embeddable":true,"href":"https:\/\/fidafederation.org\/es\/wp-json\/wp\/v2\/comments?post=11642"}],"version-history":[{"count":25,"href":"https:\/\/fidafederation.org\/es\/wp-json\/wp\/v2\/posts\/11642\/revisions"}],"predecessor-version":[{"id":12037,"href":"https:\/\/fidafederation.org\/es\/wp-json\/wp\/v2\/posts\/11642\/revisions\/12037"}],"wp:attachment":[{"href":"https:\/\/fidafederation.org\/es\/wp-json\/wp\/v2\/media?parent=11642"}],"wp:term":[{"taxonomy":"category","embeddable":true,"href":"https:\/\/fidafederation.org\/es\/wp-json\/wp\/v2\/categories?post=11642"},{"taxonomy":"post_tag","embeddable":true,"href":"https:\/\/fidafederation.org\/es\/wp-json\/wp\/v2\/tags?post=11642"}],"curies":[{"name":"wp","href":"https:\/\/api.w.org\/{rel}","templated":true}]}}